{"id":562,"date":"2020-08-05T19:06:44","date_gmt":"2020-08-05T17:06:44","guid":{"rendered":"http:\/\/hoteltaxis.sk\/?p=562"},"modified":"2020-08-05T19:11:17","modified_gmt":"2020-08-05T17:11:17","slug":"slavin","status":"publish","type":"post","link":"https:\/\/hoteltaxis.sk\/?p=562","title":{"rendered":"Slav\u00edn"},"content":{"rendered":"\t\t<div data-elementor-type=\"wp-post\" data-elementor-id=\"562\" class=\"elementor elementor-562 elementor-bc-flex-widget\" data-elementor-settings=\"[]\">\n\t\t\t\t\t\t<div class=\"elementor-inner\">\n\t\t\t\t\t\t\t<div class=\"elementor-section-wrap\">\n\t\t\t\t\t\t\t<section class=\"elementor-section elementor-top-section elementor-element elementor-element-1739f2f elementor-section-boxed elementor-section-height-default elementor-section-height-default\" data-id=\"1739f2f\" data-element_type=\"section\">\n\t\t\t\t\t\t<div class=\"elementor-container elementor-column-gap-default\">\n\t\t\t\t\t\t\t<div class=\"elementor-row\">\n\t\t\t\t\t<div class=\"elementor-column elementor-col-100 elementor-top-column elementor-element elementor-element-dcb291e\" data-id=\"dcb291e\" data-element_type=\"column\">\n\t\t\t<div class=\"elementor-column-wrap elementor-element-populated\">\n\t\t\t\t\t\t\t<div class=\"elementor-widget-wrap\">\n\t\t\t\t\t\t<div class=\"elementor-element elementor-element-096ddd8 elementor-widget elementor-widget-text-editor\" data-id=\"096ddd8\" data-element_type=\"widget\" data-widget_type=\"text-editor.default\">\n\t\t\t\t<div class=\"elementor-widget-container\">\n\t\t\t\t\t\t\t\t<div class=\"elementor-text-editor elementor-clearfix\">\n\t\t\t\t<p class=\"MsoNormal\" style=\"text-align: justify;\"><span lang=\"SK\">Slav\u00edn je jednou z\u00a0pam\u00e4tihodnost\u00ed, ktor\u00fa by si nemal necha\u0165 ujs\u0165 \u017eiaden z\u00a0n\u00e1v\u0161tevn\u00edkov n\u00e1\u0161ho mesta. T\u00fd\u010di sa na kopci nad Star\u00fdm mestom a\u00a0spolu s\u00a0Bratislavsk\u00fdm hradom a\u00a0Kamz\u00edkom patr\u00ed k\u00a0jeho hlavn\u00fdm dominant\u00e1m. Je to vojensk\u00fd cintor\u00edn a\u00a0pam\u00e4tn\u00edk vojakov \u010cervenej arm\u00e1dy padl\u00fdch pri oslobodzovan\u00ed Bratislavy v\u00a0apr\u00edli 1945. V\u00a0jeho centr\u00e1lnej \u010dasti sa nach\u00e1dza monument s\u00a0obeliskom a\u00a0sochou vojaka \u010cervenej arm\u00e1dy dr\u017eiaceho vlajku, okraje jeho are\u00e1lu s\u00fa lemovan\u00e9 \u010fal\u0161\u00edmi umeleck\u00fdmi dielami a zele\u0148ou. Svoj\u00edm n\u00e1v\u0161tevn\u00edkom okrem hist\u00f3rie pon\u00faka aj v\u00fdborn\u00fd v\u00fdh\u013ead a\u00a0mo\u017enos\u0165 prech\u00e1dzky pri\u013eahl\u00fdmi uli\u010dkami Star\u00e9ho mesta.<\/span><\/p>\t\t\t\t\t<\/div>\n\t\t\t\t\t\t<\/div>\n\t\t\t\t<\/div>\n\t\t\t\t\t\t<\/div>\n\t\t\t\t\t<\/div>\n\t\t<\/div>\n\t\t\t\t\t\t\t\t<\/div>\n\t\t\t\t\t<\/div>\n\t\t<\/section>\n\t\t\t\t<section class=\"elementor-section elementor-top-section elementor-element elementor-element-cdf67eb elementor-section-boxed elementor-section-height-default elementor-section-height-default\" data-id=\"cdf67eb\" data-element_type=\"section\">\n\t\t\t\t\t\t<div class=\"elementor-container elementor-column-gap-default\">\n\t\t\t\t\t\t\t<div class=\"elementor-row\">\n\t\t\t\t\t<div class=\"elementor-column elementor-col-100 elementor-top-column elementor-element elementor-element-9cabb59\" data-id=\"9cabb59\" data-element_type=\"column\">\n\t\t\t<div class=\"elementor-column-wrap elementor-element-populated\">\n\t\t\t\t\t\t\t<div class=\"elementor-widget-wrap\">\n\t\t\t\t\t\t<div class=\"elementor-element elementor-element-b434b7c elementor-widget elementor-widget-image-gallery\" data-id=\"b434b7c\" data-element_type=\"widget\" data-widget_type=\"image-gallery.default\">\n\t\t\t\t<div class=\"elementor-widget-container\">\n\t\t\t\t\t<div class=\"elementor-image-gallery\">\n\t\t\t<div id='gallery-1' class='gallery galleryid-562 gallery-columns-3 gallery-size-thumbnail'><figure class='gallery-item'>\n\t\t\t<div class='gallery-icon landscape'>\n\t\t\t\t<a data-elementor-open-lightbox=\"yes\" data-elementor-lightbox-slideshow=\"b434b7c\" data-elementor-lightbox-title=\"Slavin_1\" href='https:\/\/hoteltaxis.sk\/wp-content\/uploads\/2020\/08\/Slavin_1.jpg'><img width=\"150\" height=\"150\" src=\"https:\/\/hoteltaxis.sk\/wp-content\/uploads\/2020\/08\/Slavin_1-150x150.jpg\" class=\"attachment-thumbnail size-thumbnail\" alt=\"\" loading=\"lazy\" \/><\/a>\n\t\t\t<\/div><\/figure><figure class='gallery-item'>\n\t\t\t<div class='gallery-icon landscape'>\n\t\t\t\t<a data-elementor-open-lightbox=\"yes\" data-elementor-lightbox-slideshow=\"b434b7c\" data-elementor-lightbox-title=\"Slavin_2\" href='https:\/\/hoteltaxis.sk\/wp-content\/uploads\/2020\/08\/Slavin_2.jpg'><img width=\"150\" height=\"150\" src=\"https:\/\/hoteltaxis.sk\/wp-content\/uploads\/2020\/08\/Slavin_2-150x150.jpg\" class=\"attachment-thumbnail size-thumbnail\" alt=\"\" loading=\"lazy\" \/><\/a>\n\t\t\t<\/div><\/figure><figure class='gallery-item'>\n\t\t\t<div class='gallery-icon landscape'>\n\t\t\t\t<a data-elementor-open-lightbox=\"yes\" data-elementor-lightbox-slideshow=\"b434b7c\" data-elementor-lightbox-title=\"Slavin_3\" href='https:\/\/hoteltaxis.sk\/wp-content\/uploads\/2020\/08\/Slavin_3.jpg'><img width=\"150\" height=\"150\" src=\"https:\/\/hoteltaxis.sk\/wp-content\/uploads\/2020\/08\/Slavin_3-150x150.jpg\" class=\"attachment-thumbnail size-thumbnail\" alt=\"\" loading=\"lazy\" \/><\/a>\n\t\t\t<\/div><\/figure>\n\t\t<\/div>\n\t\t<\/div>\n\t\t\t\t<\/div>\n\t\t\t\t<\/div>\n\t\t\t\t<div class=\"elementor-element elementor-element-0950902 elementor-widget elementor-widget-google_maps\" data-id=\"0950902\" data-element_type=\"widget\" data-widget_type=\"google_maps.default\">\n\t\t\t\t<div class=\"elementor-widget-container\">\n\t\t\t\t\t<div class=\"elementor-custom-embed\">\n\t\t\t<iframe frameborder=\"0\" scrolling=\"no\" marginheight=\"0\" marginwidth=\"0\"\n\t\t\t\t\tsrc=\"https:\/\/maps.google.com\/maps?q=Slav%C3%ADn%2C%20Bratislava&#038;t=m&#038;z=13&#038;output=embed&#038;iwloc=near\"\n\t\t\t\t\ttitle=\"Slav\u00edn, Bratislava\"\n\t\t\t\t\taria-label=\"Slav\u00edn, Bratislava\"\n\t\t\t><\/iframe>\n\t\t<\/div>\n\t\t\t\t<\/div>\n\t\t\t\t<\/div>\n\t\t\t\t\t\t<\/div>\n\t\t\t\t\t<\/div>\n\t\t<\/div>\n\t\t\t\t\t\t\t\t<\/div>\n\t\t\t\t\t<\/div>\n\t\t<\/section>\n\t\t\t\t\t\t<\/div>\n\t\t\t\t\t\t<\/div>\n\t\t\t\t\t<\/div>\n\t\t","protected":false},"excerpt":{"rendered":"<p>Slav\u00edn je jednou z\u00a0pam\u00e4tihodnost\u00ed, ktor\u00fa by si nemal necha\u0165 ujs\u0165 \u017eiaden z\u00a0n\u00e1v\u0161tevn\u00edkov n\u00e1\u0161ho mesta. T\u00fd\u010di sa na kopci nad Star\u00fdm mestom a\u00a0spolu s\u00a0Bratislavsk\u00fdm hradom a\u00a0Kamz\u00edkom patr\u00ed k\u00a0jeho hlavn\u00fdm dominant\u00e1m. Je to vojensk\u00fd cintor\u00edn a\u00a0pam\u00e4tn\u00edk vojakov \u010cervenej arm\u00e1dy padl\u00fdch pri oslobodzovan\u00ed Bratislavy v\u00a0apr\u00edli 1945. V\u00a0jeho centr\u00e1lnej \u010dasti sa nach\u00e1dza monument s\u00a0obeliskom a\u00a0sochou vojaka \u010cervenej arm\u00e1dy dr\u017eiaceho [&hellip;]<\/p>\n","protected":false},"author":1,"featured_media":0,"comment_status":"open","ping_status":"open","sticky":false,"template":"","format":"standard","meta":{"_monsterinsights_skip_tracking":false,"_monsterinsights_sitenote_active":false,"_monsterinsights_sitenote_note":"","_monsterinsights_sitenote_category":0},"categories":[24],"tags":[],"_links":{"self":[{"href":"https:\/\/hoteltaxis.sk\/index.php?rest_route=\/wp\/v2\/posts\/562"}],"collection":[{"href":"https:\/\/hoteltaxis.sk\/index.php?rest_route=\/wp\/v2\/posts"}],"about":[{"href":"https:\/\/hoteltaxis.sk\/index.php?rest_route=\/wp\/v2\/types\/post"}],"author":[{"embeddable":true,"href":"https:\/\/hoteltaxis.sk\/index.php?rest_route=\/wp\/v2\/users\/1"}],"replies":[{"embeddable":true,"href":"https:\/\/hoteltaxis.sk\/index.php?rest_route=%2Fwp%2Fv2%2Fcomments&post=562"}],"version-history":[{"count":3,"href":"https:\/\/hoteltaxis.sk\/index.php?rest_route=\/wp\/v2\/posts\/562\/revisions"}],"predecessor-version":[{"id":577,"href":"https:\/\/hoteltaxis.sk\/index.php?rest_route=\/wp\/v2\/posts\/562\/revisions\/577"}],"wp:attachment":[{"href":"https:\/\/hoteltaxis.sk\/index.php?rest_route=%2Fwp%2Fv2%2Fmedia&parent=562"}],"wp:term":[{"taxonomy":"category","embeddable":true,"href":"https:\/\/hoteltaxis.sk\/index.php?rest_route=%2Fwp%2Fv2%2Fcategories&post=562"},{"taxonomy":"post_tag","embeddable":true,"href":"https:\/\/hoteltaxis.sk\/index.php?rest_route=%2Fwp%2Fv2%2Ftags&post=562"}],"curies":[{"name":"wp","href":"https:\/\/api.w.org\/{rel}","templated":true}]}}